{"id":1015,"date":"2023-05-31T11:08:15","date_gmt":"2023-05-31T09:08:15","guid":{"rendered":"https:\/\/up2sky.aero\/?p=1015"},"modified":"2026-03-25T17:57:16","modified_gmt":"2026-03-25T16:57:16","slug":"vysoke-tatry-top-najkrajsia-letecka-lokalita","status":"publish","type":"post","link":"https:\/\/up2sky.aero\/en\/vysoke-tatry-top-najkrajsia-letecka-lokalita\/","title":{"rendered":"High Tatras - TOP most beautiful aviation location"},"content":{"rendered":"<p>Many of our clients come to us for the unforgettable experience they will have during an adventure flight.<\/p>\n\n\n\n<p>The High Tatras create one of the most desirable locations for adventure flying.<\/p>\n\n\n\n<p>Company <a href=\"https:\/\/up2sky.aero\/en\/kontakt\/\">up2sky.aero, s.r.o.<\/a> as one of the largest companies that carry out adventure flights in the Poprad area, has extensive experience, which you confirm daily with your references. Our trained and experienced pilots constantly take care of your safety before, during and after flying. You come to us from far corners of Slovakia and you expect from us that the aviation experience that we provide will leave you with beautiful and unforgettable memories.&nbsp;<\/p>\n\n\n\n<p>The atmosphere that only the High Tatras can conjure up is truly unique and irreplaceable.&nbsp;<\/p>\n\n\n\n<p>The High Tatras are in the palm of your hand from the cockpit of our Diamond DA-40. The monumental rock walls look compact from a bird's eye view and provide the aerial tourist with a comprehensive view of their panorama. You can explore our high mountains from Kriv\u00e1\u0148 to Gerlach and Belianske Tatry in just a few dozen minutes. For this adventure, we recommend that you purchase at least <a href=\"https:\/\/up2sky.aero\/en\/zazitkove-lety\/\">30-minute adventure flight<\/a>Our clients are attracted to the majestic Tatra peaks, emerald-green mountain lakes, rocky overhangs and green valleys. With good visibility, the peaks of N\u00edzke Tatie and Kr\u00e1\u013eova Hola opposite can be seen in the distance.<\/p>\n\n\n\n<p>The High Tatras have something to offer in every season. In spring, lush green valleys and peaks lightly dusted with snow. In summer, colorful flowery slopes and a mirror-clear clear sky, the brightness of which is reflected in the rock walls. In autumn, the Tatras bloom pink and are enveloped in a fine haze of fog. The peaks protrude from the clouds and create the impression of whipped cream goodness. In winter, the Tatras dazzle with the cold white beauty of endless snow fields.&nbsp;<\/p>\n\n\n\n<p>If you are not quite sure about your choice, do not hesitate to contact us, we will be happy to advise you. If you are interested in receiving new information about us and our activities, start following us <a href=\"http:\/\/www.chillyandmango.sk\">sledova\u0165<\/a> na <a href=\"https:\/\/www.facebook.com\/up2sky.aero\">Facebook<\/a> or <a href=\"https:\/\/instagram.com\/up2sky.aero?igshid=NTc4MTIwNjQ2YQ==\">Instagram<\/a>. <\/p>\n\n\n\n<p><\/p>","protected":false},"excerpt":{"rendered":"<p>Mnoho na\u0161ich klientov prich\u00e1dza za nami kv\u00f4li nezabudnute\u013en\u00e9mu z\u00e1\u017eitku, ktor\u00fd po\u010das z\u00e1\u017eitkov\u00e9ho letu za\u017eij\u00fa. Vysok\u00e9 Tatry vytv\u00e1raj\u00fa jednu z naj\u017eiadanej\u0161\u00edch lokal\u00edt pre z\u00e1\u017eitkov\u00e9 lietanie. Spolo\u010dnos\u0165 up2sky.aero, s.r.o. ako jedna z najv\u00e4\u010d\u0161\u00edch spolo\u010dnost\u00ed, ktor\u00e9 realizuj\u00fa z\u00e1\u017eitkov\u00e9 lety v okol\u00ed Popradu m\u00e1 bohat\u00e9 sk\u00fasenosti, ktor\u00e9 denne potvrdzujete svojimi referenciami. Na\u0161i vy\u0161kolen\u00ed a sk\u00fasen\u00ed piloti sa neust\u00e1le staraj\u00fa [&hellip;]<\/p>","protected":false},"author":4,"featured_media":570,"comment_status":"open","ping_status":"open","sticky":false,"template":"","format":"standard","meta":{"_acf_changed":false,"inline_featured_image":false,"footnotes":""},"categories":[1],"tags":[],"class_list":["post-1015","post","type-post","status-publish","format-standard","has-post-thumbnail","hentry","category-nezaradene"],"acf":[],"yoast_head":"<!-- This site is optimized with the Yoast SEO plugin v27.5 - https:\/\/yoast.com\/product\/yoast-seo-wordpress\/ -->\n<title>Vysok\u00e9 Tatry - TOP najkraj\u0161ia leteck\u00e1 lokalita - up2sky.aero<\/title>\n<meta name=\"description\" content=\"Vysok\u00e9 Tatry z kokpitu n\u00e1\u0161ho Diamond-u DA-40 m\u00e1te ako na dlani. Na\u0161e ve\u013ehory si m\u00f4\u017eete prehliadnu\u0165 od Kriv\u00e1\u0148a a\u017e po Belianske Tatry.\" \/>\n<meta name=\"robots\" content=\"index, follow, max-snippet:-1, max-image-preview:large, max-video-preview:-1\" \/>\n<link rel=\"canonical\" href=\"https:\/\/up2sky.aero\/en\/vysoke-tatry-top-najkrajsia-letecka-lokalita\/\" \/>\n<meta property=\"og:locale\" content=\"en_GB\" \/>\n<meta property=\"og:type\" content=\"article\" \/>\n<meta property=\"og:title\" content=\"Vysok\u00e9 Tatry - TOP najkraj\u0161ia leteck\u00e1 lokalita - up2sky.aero\" \/>\n<meta property=\"og:description\" content=\"Vysok\u00e9 Tatry z kokpitu n\u00e1\u0161ho Diamond-u DA-40 m\u00e1te ako na dlani. Na\u0161e ve\u013ehory si m\u00f4\u017eete prehliadnu\u0165 od Kriv\u00e1\u0148a a\u017e po Belianske Tatry.\" \/>\n<meta property=\"og:url\" content=\"https:\/\/up2sky.aero\/en\/vysoke-tatry-top-najkrajsia-letecka-lokalita\/\" \/>\n<meta property=\"og:site_name\" content=\"up2sky.aero\" \/>\n<meta property=\"article:publisher\" content=\"https:\/\/www.facebook.com\/up2sky.aero\" \/>\n<meta property=\"article:published_time\" content=\"2023-05-31T09:08:15+00:00\" \/>\n<meta property=\"article:modified_time\" content=\"2026-03-25T16:57:16+00:00\" \/>\n<meta property=\"og:image\" content=\"http:\/\/up2sky.aero\/wp-content\/uploads\/2022\/12\/4A2846FD-C61E-4CE6-8304-19E0CBA2BC30-scaled.jpeg\" \/>\n\t<meta property=\"og:image:width\" content=\"2560\" \/>\n\t<meta property=\"og:image:height\" content=\"1707\" \/>\n\t<meta property=\"og:image:type\" content=\"image\/jpeg\" \/>\n<meta name=\"author\" content=\"Petra Majd\u00e1nov\u00e1\" \/>\n<meta name=\"twitter:card\" content=\"summary_large_image\" \/>\n<meta name=\"twitter:label1\" content=\"Written by\" \/>\n\t<meta name=\"twitter:data1\" content=\"Petra Majd\u00e1nov\u00e1\" \/>\n\t<meta name=\"twitter:label2\" content=\"Estimated reading time\" \/>\n\t<meta name=\"twitter:data2\" content=\"2 minutes\" \/>\n<script type=\"application\/ld+json\" class=\"yoast-schema-graph\">{\"@context\":\"https:\\\/\\\/schema.org\",\"@graph\":[{\"@type\":\"Article\",\"@id\":\"https:\\\/\\\/up2sky.aero\\\/vysoke-tatry-top-najkrajsia-letecka-lokalita\\\/#article\",\"isPartOf\":{\"@id\":\"https:\\\/\\\/up2sky.aero\\\/vysoke-tatry-top-najkrajsia-letecka-lokalita\\\/\"},\"author\":{\"name\":\"Petra Majd\u00e1nov\u00e1\",\"@id\":\"https:\\\/\\\/up2sky.aero\\\/#\\\/schema\\\/person\\\/c8383b963bce2b1b0ea6c0aa8ed306eb\"},\"headline\":\"Vysok\u00e9 Tatry - TOP najkraj\u0161ia leteck\u00e1 lokalita\",\"datePublished\":\"2023-05-31T09:08:15+00:00\",\"dateModified\":\"2026-03-25T16:57:16+00:00\",\"mainEntityOfPage\":{\"@id\":\"https:\\\/\\\/up2sky.aero\\\/vysoke-tatry-top-najkrajsia-letecka-lokalita\\\/\"},\"wordCount\":413,\"commentCount\":0,\"publisher\":{\"@id\":\"https:\\\/\\\/up2sky.aero\\\/#organization\"},\"image\":{\"@id\":\"https:\\\/\\\/up2sky.aero\\\/vysoke-tatry-top-najkrajsia-letecka-lokalita\\\/#primaryimage\"},\"thumbnailUrl\":\"https:\\\/\\\/up2sky.aero\\\/wp-content\\\/uploads\\\/2022\\\/12\\\/4A2846FD-C61E-4CE6-8304-19E0CBA2BC30-scaled.jpeg\",\"articleSection\":[\"Nezaraden\u00e9\"],\"inLanguage\":\"en-GB\",\"potentialAction\":[{\"@type\":\"CommentAction\",\"name\":\"Comment\",\"target\":[\"https:\\\/\\\/up2sky.aero\\\/vysoke-tatry-top-najkrajsia-letecka-lokalita\\\/#respond\"]}]},{\"@type\":\"WebPage\",\"@id\":\"https:\\\/\\\/up2sky.aero\\\/vysoke-tatry-top-najkrajsia-letecka-lokalita\\\/\",\"url\":\"https:\\\/\\\/up2sky.aero\\\/vysoke-tatry-top-najkrajsia-letecka-lokalita\\\/\",\"name\":\"Vysok\u00e9 Tatry - TOP najkraj\u0161ia leteck\u00e1 lokalita - up2sky.aero\",\"isPartOf\":{\"@id\":\"https:\\\/\\\/up2sky.aero\\\/#website\"},\"primaryImageOfPage\":{\"@id\":\"https:\\\/\\\/up2sky.aero\\\/vysoke-tatry-top-najkrajsia-letecka-lokalita\\\/#primaryimage\"},\"image\":{\"@id\":\"https:\\\/\\\/up2sky.aero\\\/vysoke-tatry-top-najkrajsia-letecka-lokalita\\\/#primaryimage\"},\"thumbnailUrl\":\"https:\\\/\\\/up2sky.aero\\\/wp-content\\\/uploads\\\/2022\\\/12\\\/4A2846FD-C61E-4CE6-8304-19E0CBA2BC30-scaled.jpeg\",\"datePublished\":\"2023-05-31T09:08:15+00:00\",\"dateModified\":\"2026-03-25T16:57:16+00:00\",\"description\":\"Vysok\u00e9 Tatry z kokpitu n\u00e1\u0161ho Diamond-u DA-40 m\u00e1te ako na dlani. Na\u0161e ve\u013ehory si m\u00f4\u017eete prehliadnu\u0165 od Kriv\u00e1\u0148a a\u017e po Belianske Tatry.\",\"breadcrumb\":{\"@id\":\"https:\\\/\\\/up2sky.aero\\\/vysoke-tatry-top-najkrajsia-letecka-lokalita\\\/#breadcrumb\"},\"inLanguage\":\"en-GB\",\"potentialAction\":[{\"@type\":\"ReadAction\",\"target\":[\"https:\\\/\\\/up2sky.aero\\\/vysoke-tatry-top-najkrajsia-letecka-lokalita\\\/\"]}]},{\"@type\":\"ImageObject\",\"inLanguage\":\"en-GB\",\"@id\":\"https:\\\/\\\/up2sky.aero\\\/vysoke-tatry-top-najkrajsia-letecka-lokalita\\\/#primaryimage\",\"url\":\"https:\\\/\\\/up2sky.aero\\\/wp-content\\\/uploads\\\/2022\\\/12\\\/4A2846FD-C61E-4CE6-8304-19E0CBA2BC30-scaled.jpeg\",\"contentUrl\":\"https:\\\/\\\/up2sky.aero\\\/wp-content\\\/uploads\\\/2022\\\/12\\\/4A2846FD-C61E-4CE6-8304-19E0CBA2BC30-scaled.jpeg\",\"width\":2560,\"height\":1707,\"caption\":\"60 min. z\u00e1\u017eitkov\u00fd let a\u017e pre 3 osoby lietadlom Diamond DA-40\"},{\"@type\":\"BreadcrumbList\",\"@id\":\"https:\\\/\\\/up2sky.aero\\\/vysoke-tatry-top-najkrajsia-letecka-lokalita\\\/#breadcrumb\",\"itemListElement\":[{\"@type\":\"ListItem\",\"position\":1,\"name\":\"Domovsk\u00e1 str\u00e1nka\",\"item\":\"https:\\\/\\\/up2sky.aero\\\/\"},{\"@type\":\"ListItem\",\"position\":2,\"name\":\"Vysok\u00e9 Tatry - TOP najkraj\u0161ia leteck\u00e1 lokalita\"}]},{\"@type\":\"WebSite\",\"@id\":\"https:\\\/\\\/up2sky.aero\\\/#website\",\"url\":\"https:\\\/\\\/up2sky.aero\\\/\",\"name\":\"up2sky.aero\",\"description\":\"Z\u00e1\u017eitkov\u00e9 lety pre milovn\u00edkov dobrodru\u017estiev\",\"publisher\":{\"@id\":\"https:\\\/\\\/up2sky.aero\\\/#organization\"},\"alternateName\":\"up2sky\",\"potentialAction\":[{\"@type\":\"SearchAction\",\"target\":{\"@type\":\"EntryPoint\",\"urlTemplate\":\"https:\\\/\\\/up2sky.aero\\\/?s={search_term_string}\"},\"query-input\":{\"@type\":\"PropertyValueSpecification\",\"valueRequired\":true,\"valueName\":\"search_term_string\"}}],\"inLanguage\":\"en-GB\"},{\"@type\":\"Organization\",\"@id\":\"https:\\\/\\\/up2sky.aero\\\/#organization\",\"name\":\"up2sky.aero, s.r.o.\",\"url\":\"https:\\\/\\\/up2sky.aero\\\/\",\"logo\":{\"@type\":\"ImageObject\",\"inLanguage\":\"en-GB\",\"@id\":\"https:\\\/\\\/up2sky.aero\\\/#\\\/schema\\\/logo\\\/image\\\/\",\"url\":\"https:\\\/\\\/up2sky.aero\\\/wp-content\\\/uploads\\\/2022\\\/10\\\/up2sky-logo.svg\",\"contentUrl\":\"https:\\\/\\\/up2sky.aero\\\/wp-content\\\/uploads\\\/2022\\\/10\\\/up2sky-logo.svg\",\"width\":180,\"height\":141,\"caption\":\"up2sky.aero, s.r.o.\"},\"image\":{\"@id\":\"https:\\\/\\\/up2sky.aero\\\/#\\\/schema\\\/logo\\\/image\\\/\"},\"sameAs\":[\"https:\\\/\\\/www.facebook.com\\\/up2sky.aero\"]},{\"@type\":\"Person\",\"@id\":\"https:\\\/\\\/up2sky.aero\\\/#\\\/schema\\\/person\\\/c8383b963bce2b1b0ea6c0aa8ed306eb\",\"name\":\"Petra Majd\u00e1nov\u00e1\",\"image\":{\"@type\":\"ImageObject\",\"inLanguage\":\"en-GB\",\"@id\":\"https:\\\/\\\/secure.gravatar.com\\\/avatar\\\/9b48ef2219aa90d222498c1d9f8af8fdcc96109e51d4a9638c7677fcc18ba3d6?s=96&d=mm&r=g\",\"url\":\"https:\\\/\\\/secure.gravatar.com\\\/avatar\\\/9b48ef2219aa90d222498c1d9f8af8fdcc96109e51d4a9638c7677fcc18ba3d6?s=96&d=mm&r=g\",\"contentUrl\":\"https:\\\/\\\/secure.gravatar.com\\\/avatar\\\/9b48ef2219aa90d222498c1d9f8af8fdcc96109e51d4a9638c7677fcc18ba3d6?s=96&d=mm&r=g\",\"caption\":\"Petra Majd\u00e1nov\u00e1\"},\"url\":\"https:\\\/\\\/up2sky.aero\\\/en\\\/author\\\/petra-majdanova\\\/\"}]}<\/script>\n<!-- \/ Yoast SEO plugin. -->","yoast_head_json":{"title":"Vysok\u00e9 Tatry - TOP najkraj\u0161ia leteck\u00e1 lokalita - up2sky.aero","description":"Vysok\u00e9 Tatry z kokpitu n\u00e1\u0161ho Diamond-u DA-40 m\u00e1te ako na dlani. Na\u0161e ve\u013ehory si m\u00f4\u017eete prehliadnu\u0165 od Kriv\u00e1\u0148a a\u017e po Belianske Tatry.","robots":{"index":"index","follow":"follow","max-snippet":"max-snippet:-1","max-image-preview":"max-image-preview:large","max-video-preview":"max-video-preview:-1"},"canonical":"https:\/\/up2sky.aero\/en\/vysoke-tatry-top-najkrajsia-letecka-lokalita\/","og_locale":"en_GB","og_type":"article","og_title":"Vysok\u00e9 Tatry - TOP najkraj\u0161ia leteck\u00e1 lokalita - up2sky.aero","og_description":"Vysok\u00e9 Tatry z kokpitu n\u00e1\u0161ho Diamond-u DA-40 m\u00e1te ako na dlani. Na\u0161e ve\u013ehory si m\u00f4\u017eete prehliadnu\u0165 od Kriv\u00e1\u0148a a\u017e po Belianske Tatry.","og_url":"https:\/\/up2sky.aero\/en\/vysoke-tatry-top-najkrajsia-letecka-lokalita\/","og_site_name":"up2sky.aero","article_publisher":"https:\/\/www.facebook.com\/up2sky.aero","article_published_time":"2023-05-31T09:08:15+00:00","article_modified_time":"2026-03-25T16:57:16+00:00","og_image":[{"width":2560,"height":1707,"url":"http:\/\/up2sky.aero\/wp-content\/uploads\/2022\/12\/4A2846FD-C61E-4CE6-8304-19E0CBA2BC30-scaled.jpeg","type":"image\/jpeg"}],"author":"Petra Majd\u00e1nov\u00e1","twitter_card":"summary_large_image","twitter_misc":{"Written by":"Petra Majd\u00e1nov\u00e1","Estimated reading time":"2 minutes"},"schema":{"@context":"https:\/\/schema.org","@graph":[{"@type":"Article","@id":"https:\/\/up2sky.aero\/vysoke-tatry-top-najkrajsia-letecka-lokalita\/#article","isPartOf":{"@id":"https:\/\/up2sky.aero\/vysoke-tatry-top-najkrajsia-letecka-lokalita\/"},"author":{"name":"Petra Majd\u00e1nov\u00e1","@id":"https:\/\/up2sky.aero\/#\/schema\/person\/c8383b963bce2b1b0ea6c0aa8ed306eb"},"headline":"Vysok\u00e9 Tatry - TOP najkraj\u0161ia leteck\u00e1 lokalita","datePublished":"2023-05-31T09:08:15+00:00","dateModified":"2026-03-25T16:57:16+00:00","mainEntityOfPage":{"@id":"https:\/\/up2sky.aero\/vysoke-tatry-top-najkrajsia-letecka-lokalita\/"},"wordCount":413,"commentCount":0,"publisher":{"@id":"https:\/\/up2sky.aero\/#organization"},"image":{"@id":"https:\/\/up2sky.aero\/vysoke-tatry-top-najkrajsia-letecka-lokalita\/#primaryimage"},"thumbnailUrl":"https:\/\/up2sky.aero\/wp-content\/uploads\/2022\/12\/4A2846FD-C61E-4CE6-8304-19E0CBA2BC30-scaled.jpeg","articleSection":["Nezaraden\u00e9"],"inLanguage":"en-GB","potentialAction":[{"@type":"CommentAction","name":"Comment","target":["https:\/\/up2sky.aero\/vysoke-tatry-top-najkrajsia-letecka-lokalita\/#respond"]}]},{"@type":"WebPage","@id":"https:\/\/up2sky.aero\/vysoke-tatry-top-najkrajsia-letecka-lokalita\/","url":"https:\/\/up2sky.aero\/vysoke-tatry-top-najkrajsia-letecka-lokalita\/","name":"Vysok\u00e9 Tatry - TOP najkraj\u0161ia leteck\u00e1 lokalita - up2sky.aero","isPartOf":{"@id":"https:\/\/up2sky.aero\/#website"},"primaryImageOfPage":{"@id":"https:\/\/up2sky.aero\/vysoke-tatry-top-najkrajsia-letecka-lokalita\/#primaryimage"},"image":{"@id":"https:\/\/up2sky.aero\/vysoke-tatry-top-najkrajsia-letecka-lokalita\/#primaryimage"},"thumbnailUrl":"https:\/\/up2sky.aero\/wp-content\/uploads\/2022\/12\/4A2846FD-C61E-4CE6-8304-19E0CBA2BC30-scaled.jpeg","datePublished":"2023-05-31T09:08:15+00:00","dateModified":"2026-03-25T16:57:16+00:00","description":"Vysok\u00e9 Tatry z kokpitu n\u00e1\u0161ho Diamond-u DA-40 m\u00e1te ako na dlani. Na\u0161e ve\u013ehory si m\u00f4\u017eete prehliadnu\u0165 od Kriv\u00e1\u0148a a\u017e po Belianske Tatry.","breadcrumb":{"@id":"https:\/\/up2sky.aero\/vysoke-tatry-top-najkrajsia-letecka-lokalita\/#breadcrumb"},"inLanguage":"en-GB","potentialAction":[{"@type":"ReadAction","target":["https:\/\/up2sky.aero\/vysoke-tatry-top-najkrajsia-letecka-lokalita\/"]}]},{"@type":"ImageObject","inLanguage":"en-GB","@id":"https:\/\/up2sky.aero\/vysoke-tatry-top-najkrajsia-letecka-lokalita\/#primaryimage","url":"https:\/\/up2sky.aero\/wp-content\/uploads\/2022\/12\/4A2846FD-C61E-4CE6-8304-19E0CBA2BC30-scaled.jpeg","contentUrl":"https:\/\/up2sky.aero\/wp-content\/uploads\/2022\/12\/4A2846FD-C61E-4CE6-8304-19E0CBA2BC30-scaled.jpeg","width":2560,"height":1707,"caption":"60 min. z\u00e1\u017eitkov\u00fd let a\u017e pre 3 osoby lietadlom Diamond DA-40"},{"@type":"BreadcrumbList","@id":"https:\/\/up2sky.aero\/vysoke-tatry-top-najkrajsia-letecka-lokalita\/#breadcrumb","itemListElement":[{"@type":"ListItem","position":1,"name":"Domovsk\u00e1 str\u00e1nka","item":"https:\/\/up2sky.aero\/"},{"@type":"ListItem","position":2,"name":"Vysok\u00e9 Tatry - TOP najkraj\u0161ia leteck\u00e1 lokalita"}]},{"@type":"WebSite","@id":"https:\/\/up2sky.aero\/#website","url":"https:\/\/up2sky.aero\/","name":"up2sky.aero","description":"Z\u00e1\u017eitkov\u00e9 lety pre milovn\u00edkov dobrodru\u017estiev","publisher":{"@id":"https:\/\/up2sky.aero\/#organization"},"alternateName":"up2sky","potentialAction":[{"@type":"SearchAction","target":{"@type":"EntryPoint","urlTemplate":"https:\/\/up2sky.aero\/?s={search_term_string}"},"query-input":{"@type":"PropertyValueSpecification","valueRequired":true,"valueName":"search_term_string"}}],"inLanguage":"en-GB"},{"@type":"Organization","@id":"https:\/\/up2sky.aero\/#organization","name":"up2sky.aero, s.r.o.","url":"https:\/\/up2sky.aero\/","logo":{"@type":"ImageObject","inLanguage":"en-GB","@id":"https:\/\/up2sky.aero\/#\/schema\/logo\/image\/","url":"https:\/\/up2sky.aero\/wp-content\/uploads\/2022\/10\/up2sky-logo.svg","contentUrl":"https:\/\/up2sky.aero\/wp-content\/uploads\/2022\/10\/up2sky-logo.svg","width":180,"height":141,"caption":"up2sky.aero, s.r.o."},"image":{"@id":"https:\/\/up2sky.aero\/#\/schema\/logo\/image\/"},"sameAs":["https:\/\/www.facebook.com\/up2sky.aero"]},{"@type":"Person","@id":"https:\/\/up2sky.aero\/#\/schema\/person\/c8383b963bce2b1b0ea6c0aa8ed306eb","name":"Petra Majd\u00e1nov\u00e1","image":{"@type":"ImageObject","inLanguage":"en-GB","@id":"https:\/\/secure.gravatar.com\/avatar\/9b48ef2219aa90d222498c1d9f8af8fdcc96109e51d4a9638c7677fcc18ba3d6?s=96&d=mm&r=g","url":"https:\/\/secure.gravatar.com\/avatar\/9b48ef2219aa90d222498c1d9f8af8fdcc96109e51d4a9638c7677fcc18ba3d6?s=96&d=mm&r=g","contentUrl":"https:\/\/secure.gravatar.com\/avatar\/9b48ef2219aa90d222498c1d9f8af8fdcc96109e51d4a9638c7677fcc18ba3d6?s=96&d=mm&r=g","caption":"Petra Majd\u00e1nov\u00e1"},"url":"https:\/\/up2sky.aero\/en\/author\/petra-majdanova\/"}]}},"_links":{"self":[{"href":"https:\/\/up2sky.aero\/en\/wp-json\/wp\/v2\/posts\/1015","targetHints":{"allow":["GET"]}}],"collection":[{"href":"https:\/\/up2sky.aero\/en\/wp-json\/wp\/v2\/posts"}],"about":[{"href":"https:\/\/up2sky.aero\/en\/wp-json\/wp\/v2\/types\/post"}],"author":[{"embeddable":true,"href":"https:\/\/up2sky.aero\/en\/wp-json\/wp\/v2\/users\/4"}],"replies":[{"embeddable":true,"href":"https:\/\/up2sky.aero\/en\/wp-json\/wp\/v2\/comments?post=1015"}],"version-history":[{"count":0,"href":"https:\/\/up2sky.aero\/en\/wp-json\/wp\/v2\/posts\/1015\/revisions"}],"wp:featuredmedia":[{"embeddable":true,"href":"https:\/\/up2sky.aero\/en\/wp-json\/wp\/v2\/media\/570"}],"wp:attachment":[{"href":"https:\/\/up2sky.aero\/en\/wp-json\/wp\/v2\/media?parent=1015"}],"wp:term":[{"taxonomy":"category","embeddable":true,"href":"https:\/\/up2sky.aero\/en\/wp-json\/wp\/v2\/categories?post=1015"},{"taxonomy":"post_tag","embeddable":true,"href":"https:\/\/up2sky.aero\/en\/wp-json\/wp\/v2\/tags?post=1015"}],"curies":[{"name":"wp","href":"https:\/\/api.w.org\/{rel}","templated":true}]}}